{"id":1833,"date":"2026-01-21T20:00:25","date_gmt":"2026-01-21T19:00:25","guid":{"rendered":"https:\/\/www.schorndorf-kantorei.de\/?p=1833"},"modified":"2026-03-22T12:33:30","modified_gmt":"2026-03-22T11:33:30","slug":"faure-requiem-projektchor","status":"publish","type":"post","link":"https:\/\/www.schorndorf-kantorei.de\/?p=1833","title":{"rendered":"Faur\u00e9, Requiem \u2013 Projektchor"},"content":{"rendered":"\n<p>Am Samstag, den 21. M\u00e4rz 2026, 19 Uhr, wird in diesem Jahr das Requiem von Gabriel Faur\u00e9 im Rahmen eines Musikalischen Wochenschlusses in der Stadtkirche Schorndorf aufgef\u00fchrt. Faur\u00e9 vertont das Requiem in mehreren abwechslungsreichen S\u00e4tzen f\u00fcr Solisten, Chor und Orchester. Die musikalische Leitung liegt bei Bezirkskantor Julian Handlos.<\/p>\n\n\n\n<p>F\u00fcr dieses Projekt sind musikalisch Interessierte aus der Umgebung herzlich eingeladen, im Chor mitzusingen. Die Chorproben finden im Martin-Luther-Haus (Friedrich Fischer Str. 1) in Schorndorf statt.<\/p>\n\n\n\n<p>Anmeldungen sind \u00fcber das Evang. Bezirkskantorat (ev.kirchenmusik.schorndorf @t-online.de) m\u00f6glich.<\/p>\n\n\n\n<p>Chorproben:<br>montags 23.02., 02.03., 09.03., 16.03.2026; jeweils 19:45\u201321:45 Uhr<\/p>\n\n\n\n<p>Intensivprobe:<br>Sa, 14. M\u00e4rz, 10\u201314 Uhr<\/p>\n\n\n\n<p>Generalprobe:<br>Fr, 20. M\u00e4rz, 19\u201322 Uhr<\/p>\n\n\n\n<p>Auftritt:<br>Sa, 21. M\u00e4rz, 19 Uhr<\/p>\n\n\n\n<figure class=\"wp-block-image size-large\"><a href=\"https:\/\/www.schorndorf-kantorei.de\/wp\/wp-content\/uploads\/2026\/01\/2026_03_Einladung-Projektchor-Faure.jpg\"><img loading=\"lazy\" decoding=\"async\" width=\"724\" height=\"1024\" src=\"https:\/\/www.schorndorf-kantorei.de\/wp\/wp-content\/uploads\/2026\/01\/2026_03_Einladung-Projektchor-Faure-724x1024.jpg\" alt=\"\" class=\"wp-image-1834\" srcset=\"https:\/\/www.schorndorf-kantorei.de\/wp\/wp-content\/uploads\/2026\/01\/2026_03_Einladung-Projektchor-Faure-724x1024.jpg 724w, https:\/\/www.schorndorf-kantorei.de\/wp\/wp-content\/uploads\/2026\/01\/2026_03_Einladung-Projektchor-Faure-212x300.jpg 212w, https:\/\/www.schorndorf-kantorei.de\/wp\/wp-content\/uploads\/2026\/01\/2026_03_Einladung-Projektchor-Faure-768x1086.jpg 768w, https:\/\/www.schorndorf-kantorei.de\/wp\/wp-content\/uploads\/2026\/01\/2026_03_Einladung-Projektchor-Faure-1086x1536.jpg 1086w, https:\/\/www.schorndorf-kantorei.de\/wp\/wp-content\/uploads\/2026\/01\/2026_03_Einladung-Projektchor-Faure-1448x2048.jpg 1448w, https:\/\/www.schorndorf-kantorei.de\/wp\/wp-content\/uploads\/2026\/01\/2026_03_Einladung-Projektchor-Faure.jpg 1587w\" sizes=\"auto, (max-width: 724px) 100vw, 724px\" \/><\/a><\/figure>\n","protected":false},"excerpt":{"rendered":"<p>Am Samstag, den 21. M\u00e4rz 2026, 19 Uhr, wird in diesem Jahr das Requiem von <a class=\"more-link\" href=\"https:\/\/www.schorndorf-kantorei.de\/?p=1833\">weiterlesen &#8230;<\/a><\/p>\n","protected":false},"author":1,"featured_media":1834,"comment_status":"closed","ping_status":"closed","sticky":false,"template":"","format":"standard","meta":{"footnotes":""},"categories":[8],"tags":[],"class_list":["post-1833","post","type-post","status-publish","format-standard","has-post-thumbnail","hentry","category-archiv"],"_links":{"self":[{"href":"https:\/\/www.schorndorf-kantorei.de\/index.php?rest_route=\/wp\/v2\/posts\/1833","targetHints":{"allow":["GET"]}}],"collection":[{"href":"https:\/\/www.schorndorf-kantorei.de\/index.php?rest_route=\/wp\/v2\/posts"}],"about":[{"href":"https:\/\/www.schorndorf-kantorei.de\/index.php?rest_route=\/wp\/v2\/types\/post"}],"author":[{"embeddable":true,"href":"https:\/\/www.schorndorf-kantorei.de\/index.php?rest_route=\/wp\/v2\/users\/1"}],"replies":[{"embeddable":true,"href":"https:\/\/www.schorndorf-kantorei.de\/index.php?rest_route=%2Fwp%2Fv2%2Fcomments&post=1833"}],"version-history":[{"count":3,"href":"https:\/\/www.schorndorf-kantorei.de\/index.php?rest_route=\/wp\/v2\/posts\/1833\/revisions"}],"predecessor-version":[{"id":1859,"href":"https:\/\/www.schorndorf-kantorei.de\/index.php?rest_route=\/wp\/v2\/posts\/1833\/revisions\/1859"}],"wp:featuredmedia":[{"embeddable":true,"href":"https:\/\/www.schorndorf-kantorei.de\/index.php?rest_route=\/wp\/v2\/media\/1834"}],"wp:attachment":[{"href":"https:\/\/www.schorndorf-kantorei.de\/index.php?rest_route=%2Fwp%2Fv2%2Fmedia&parent=1833"}],"wp:term":[{"taxonomy":"category","embeddable":true,"href":"https:\/\/www.schorndorf-kantorei.de\/index.php?rest_route=%2Fwp%2Fv2%2Fcategories&post=1833"},{"taxonomy":"post_tag","embeddable":true,"href":"https:\/\/www.schorndorf-kantorei.de\/index.php?rest_route=%2Fwp%2Fv2%2Ftags&post=1833"}],"curies":[{"name":"wp","href":"https:\/\/api.w.org\/{rel}","templated":true}]}}